{"id":1064,"date":"2022-02-22T18:34:45","date_gmt":"2022-02-22T16:34:45","guid":{"rendered":"http:\/\/www.hsik.edu.ee\/wp\/?p=1064"},"modified":"2022-05-19T11:01:34","modified_gmt":"2022-05-19T09:01:34","slug":"naidend-12-kuud","status":"publish","type":"post","link":"https:\/\/www.viigi.edu.ee\/wp\/naidend-12-kuud\/","title":{"rendered":"Kuidas draamaring kolliga v\u00f5itles ehk n\u00e4idend &#8220;Kaksteist kuud&#8221;"},"content":{"rendered":"\n<p>\u201eMeie lapsukeste \u201eKaksteist kuud\u201d muutub \u00fcha rohkem t\u00e4iskasvanute n\u00e4idendi n\u00e4gu,\u201d nentis juhiabi 22. veebruari hommikul, kui viies \u00f5pilasn\u00e4itleja oli saanud testil kaks kriipsu.<\/p>\n\n\n\n<p>\u201eMnh,\u201d m\u00f5mises draamaringi juhendaja ning \u00f5ngitses magusa ampsu lavastuse rekvisiidiks m\u00f5eldud kommikarbist ning pistis selle maski.<\/p>\n\n\n\n<p>\u201eSuu on maski all,\u201d m\u00e4rkis juhiabi kaastundlikult.<\/p>\n\n\n\n<p>\u201eMnja,\u201dn\u00f5ustus lavastaja, kiskus takistaja eest ja l\u00fckkas kommi suhu. Leebe \u0161okolaad rahustas, kuid pani ka m\u00f5tte kiiremini t\u00f6\u00f6le.<\/p>\n\n\n\n<p>&nbsp;\u201eHomne esietendus toimub, lapsed juba nii ootavad, ma ise muidugi ka,\u201d lausus n\u00e4itejuht otsustavalt.<\/p>\n\n\n\n<p>\u00c4kki t\u00f5stis ta rusika ja kraaksatas n\u00e4htamatu vaenlase poole:\u201dTagane, saatan! Me ei anna alla!\u201d<\/p>\n\n\n\n<p>Alla nad loomulikult ei anna, sest krooniga kolli kiuste oli draamaring juba septembris hoolikalt hakanud proove tegema ja j\u00f5uluseks esietenduseks valmistuma. Tige viirus oli juba siis saali akna taga vastikult irvitanud ja noppinud p\u00fc\u00fcdlikke harjutajaid t\u00f5vevoodisse. Kui detsembris ka kaks peategelast kolli seltsis koju pidid j\u00e4\u00e4ma, t\u00f5stis n\u00e4iteringi juhendaja k\u00e4ed \u00fcles ja andis alla. Esietendus l\u00fckati veebruari. Jaanuaris j\u00e4tkusid ettevalmistused t\u00e4ie innuga, sest siht oli silme ees.<\/p>\n\n\n\n<p>Kroonkoll tiirutas ikka vihaselt ringi, sest ta oli lootnud, et t\u00f5vekartus on kohutanud n\u00e4item\u00e4nguhuvilised oma plaanist taganema.<\/p>\n\n\n\n<p>\u201eHarjutage aga harjutage! K\u00fcll ma midagi v\u00e4lja m\u00f5tlen!\u201dsisistas viirus ning s\u00fcgas oma kroonilist keret ja istus lumehange plaani pidama.<\/p>\n\n\n\n<p>Ilmselt valmistus koll hoolikalt, sest n\u00e4dal enne plaanitud esietendust hakkas ta armutult j\u00e4lle n\u00e4itlejaskonna ridu h\u00f5rendama. N\u00e4itejuht lahmis m\u00f6\u00f6da koolimaja ja palus \u00f5petajaid asendajateks.<\/p>\n\n\n\n<p>Kiiresti kombineeriti t\u00e4iskasvanutele kost\u00fc\u00fcmid ja iga p\u00e4ev v\u00f5is kuulda koll saalist harjutajate h\u00e4\u00e4li.<\/p>\n\n\n\n<p>Tigedamast tigedamalt v\u00e4lkusid viiruskolli silmad veebruari\u00f5htu h\u00e4maruses, aga vaprad n\u00e4itlejad alistunud.<\/p>\n\n\n\n<p>23. veebruari hommikupoolikul pidas koolipere lippude lehvides vabariigi aastap\u00e4eva ja draamaringi t\u00e4iskasvanutega t\u00e4iendatud seltskond kinkis kodumaale vaevaga lavale toodud \u201eKaksteist kuud\u201d.<\/p>\n\n\n\n<p>Aga ega kollgi r\u00f5\u00f5must ilma j\u00e4\u00e4nud: ta sisustas draamaringi juhendaja ja \u00fche asendusn\u00e4itleja koolivaheaja peavalude, palaviku, n\u00f6ha ja teiste toredate viirustunnustega.<\/p>\n\n\n\n<p>Aga me ei andnud alla!<\/p>\n\n\n<p><a href=\"https:\/\/www.viigi.edu.ee\/wp\/wp-content\/uploads\/2022\/02\/12-KUUD-kava.png\"><img loading=\"lazy\" decoding=\"async\" class=\"alignnone size-medium wp-image-3088\" src=\"https:\/\/www.viigi.edu.ee\/wp\/wp-content\/uploads\/2022\/02\/12-KUUD-kava-300x212.png\" alt=\"\" width=\"300\" height=\"212\" srcset=\"https:\/\/www.viigi.edu.ee\/wp\/wp-content\/uploads\/2022\/02\/12-KUUD-kava-300x212.png 300w, https:\/\/www.viigi.edu.ee\/wp\/wp-content\/uploads\/2022\/02\/12-KUUD-kava-1024x724.png 1024w, https:\/\/www.viigi.edu.ee\/wp\/wp-content\/uploads\/2022\/02\/12-KUUD-kava-768x543.png 768w, https:\/\/www.viigi.edu.ee\/wp\/wp-content\/uploads\/2022\/02\/12-KUUD-kava-1536x1086.png 1536w, https:\/\/www.viigi.edu.ee\/wp\/wp-content\/uploads\/2022\/02\/12-KUUD-kava-311x220.png 311w, https:\/\/www.viigi.edu.ee\/wp\/wp-content\/uploads\/2022\/02\/12-KUUD-kava.png 2000w\" sizes=\"(max-width: 300px) 100vw, 300px\" \/><\/a><\/p>","protected":false},"excerpt":{"rendered":"<p>\u201eMeie lapsukeste \u201eKaksteist kuud\u201d muutub \u00fcha rohkem t\u00e4iskasvanute n\u00e4idendi n\u00e4gu,\u201d nentis juhiabi 22. veebruari hommikul, kui viies \u00f5pilasn\u00e4itleja oli saanud testil kaks kriipsu. \u201eMnh,\u201d m\u00f5mises draamaringi juhendaja ning \u00f5ngitses magusa ampsu lavastuse rekvisiidiks m\u00f5eldud kommikarbist ning pistis selle maski. \u201eSuu on maski all,\u201d m\u00e4rkis juhiabi kaastundlikult. \u201eMnja,\u201dn\u00f5ustus lavastaja, kiskus takistaja eest ja l\u00fckkas kommi suhu. [&hellip;]<\/p>\n","protected":false},"author":4,"featured_media":3168,"comment_status":"open","ping_status":"open","sticky":false,"template":"","format":"standard","meta":{"footnotes":""},"categories":[6,9,8],"tags":[],"_links":{"self":[{"href":"https:\/\/www.viigi.edu.ee\/wp\/wp-json\/wp\/v2\/posts\/1064"}],"collection":[{"href":"https:\/\/www.viigi.edu.ee\/wp\/wp-json\/wp\/v2\/posts"}],"about":[{"href":"https:\/\/www.viigi.edu.ee\/wp\/wp-json\/wp\/v2\/types\/post"}],"author":[{"embeddable":true,"href":"https:\/\/www.viigi.edu.ee\/wp\/wp-json\/wp\/v2\/users\/4"}],"replies":[{"embeddable":true,"href":"https:\/\/www.viigi.edu.ee\/wp\/wp-json\/wp\/v2\/comments?post=1064"}],"version-history":[{"count":8,"href":"https:\/\/www.viigi.edu.ee\/wp\/wp-json\/wp\/v2\/posts\/1064\/revisions"}],"predecessor-version":[{"id":3353,"href":"https:\/\/www.viigi.edu.ee\/wp\/wp-json\/wp\/v2\/posts\/1064\/revisions\/3353"}],"wp:featuredmedia":[{"embeddable":true,"href":"https:\/\/www.viigi.edu.ee\/wp\/wp-json\/wp\/v2\/media\/3168"}],"wp:attachment":[{"href":"https:\/\/www.viigi.edu.ee\/wp\/wp-json\/wp\/v2\/media?parent=1064"}],"wp:term":[{"taxonomy":"category","embeddable":true,"href":"https:\/\/www.viigi.edu.ee\/wp\/wp-json\/wp\/v2\/categories?post=1064"},{"taxonomy":"post_tag","embeddable":true,"href":"https:\/\/www.viigi.edu.ee\/wp\/wp-json\/wp\/v2\/tags?post=1064"}],"curies":[{"name":"wp","href":"https:\/\/api.w.org\/{rel}","templated":true}]}}